{"id":2051,"date":"2023-06-25T16:54:45","date_gmt":"2023-06-25T14:54:45","guid":{"rendered":"https:\/\/le-champ-du-pain.fr\/?p=2051"},"modified":"2023-06-26T09:44:52","modified_gmt":"2023-06-26T07:44:52","slug":"les-nouvelles-de-la-campagne","status":"publish","type":"post","link":"https:\/\/le-champ-du-pain.fr\/index.php\/2023\/06\/25\/les-nouvelles-de-la-campagne\/","title":{"rendered":"Les nouvelles de la campagne de financement participatif"},"content":{"rendered":"\t\t<div data-elementor-type=\"wp-post\" data-elementor-id=\"2051\" class=\"elementor elementor-2051\">\n\t\t\t\t\t\t<section class=\"elementor-section elementor-top-section elementor-element elementor-element-1e23d32 elementor-section-boxed elementor-section-height-default elementor-section-height-default\" data-id=\"1e23d32\" data-element_type=\"section\" data-e-type=\"section\">\n\t\t\t\t\t\t<div class=\"elementor-container elementor-column-gap-default\">\n\t\t\t\t\t<div class=\"elementor-column elementor-col-100 elementor-top-column elementor-element elementor-element-b659cc6\" data-id=\"b659cc6\" data-element_type=\"column\" data-e-type=\"column\">\n\t\t\t<div class=\"elementor-widget-wrap elementor-element-populated\">\n\t\t\t\t\t\t<div class=\"elementor-element elementor-element-7692cbc elementor-widget__width-initial elementor-widget elementor-widget-text-editor\" data-id=\"7692cbc\" data-element_type=\"widget\" data-e-type=\"widget\" data-widget_type=\"text-editor.default\">\n\t\t\t\t<div class=\"elementor-widget-container\">\n\t\t\t\t\t\t\t\t\t<p>Objectif atteint !!! Un grand merci \u00e0 toutes et \u00e0 tous. Si vous voulez encore participer tout n&rsquo;est pas perdu la campagne reste ouverte jusqu&rsquo;au 30 juin et le 30 juin c&rsquo;est vendredi !<\/p>\t\t\t\t\t\t\t\t<\/div>\n\t\t\t\t<\/div>\n\t\t\t\t\t<\/div>\n\t\t<\/div>\n\t\t\t\t\t<\/div>\n\t\t<\/section>\n\t\t\t\t<section class=\"elementor-section elementor-top-section elementor-element elementor-element-e0324c5 elementor-section-boxed elementor-section-height-default elementor-section-height-default\" data-id=\"e0324c5\" data-element_type=\"section\" data-e-type=\"section\">\n\t\t\t\t\t\t<div class=\"elementor-container elementor-column-gap-default\">\n\t\t\t\t\t<div class=\"elementor-column elementor-col-100 elementor-top-column elementor-element elementor-element-d134a28\" data-id=\"d134a28\" data-element_type=\"column\" data-e-type=\"column\">\n\t\t\t<div class=\"elementor-widget-wrap elementor-element-populated\">\n\t\t\t\t\t\t<div class=\"elementor-element elementor-element-4330d75 elementor-widget elementor-widget-heading\" data-id=\"4330d75\" data-element_type=\"widget\" data-e-type=\"widget\" data-widget_type=\"heading.default\">\n\t\t\t\t<div class=\"elementor-widget-container\">\n\t\t\t\t\t<h2 class=\"elementor-heading-title elementor-size-default\">La boulang\u00e8re et son histoire<\/h2>\t\t\t\t<\/div>\n\t\t\t\t<\/div>\n\t\t\t\t\t<\/div>\n\t\t<\/div>\n\t\t\t\t\t<\/div>\n\t\t<\/section>\n\t\t\t\t<section class=\"elementor-section elementor-top-section elementor-element elementor-element-c8e2c35 elementor-section-boxed elementor-section-height-default elementor-section-height-default\" data-id=\"c8e2c35\" data-element_type=\"section\" data-e-type=\"section\">\n\t\t\t\t\t\t<div class=\"elementor-container elementor-column-gap-default\">\n\t\t\t\t\t<div class=\"elementor-column elementor-col-100 elementor-top-column elementor-element elementor-element-65f8ca3\" data-id=\"65f8ca3\" data-element_type=\"column\" data-e-type=\"column\">\n\t\t\t<div class=\"elementor-widget-wrap elementor-element-populated\">\n\t\t\t\t\t\t<div class=\"elementor-element elementor-element-4edbc7f elementor-widget elementor-widget-text-editor\" data-id=\"4edbc7f\" data-element_type=\"widget\" data-e-type=\"widget\" data-widget_type=\"text-editor.default\">\n\t\t\t\t<div class=\"elementor-widget-container\">\n\t\t\t\t\t\t\t\t\t<p>On a besoin de quoi pour vivre ? bien manger, \u00eatre entour\u00e9 de sa famille, ses amis, \u00eatre en bonne sant\u00e9, avoir un toit.<\/p><p>\u00a0<\/p><p>Il en faut peu pour \u00eatre heureux. J\u2019ai voulu arr\u00eater de faire partie du probl\u00e8me et eu envie de faire partie de la solution (enfin, d\u2019une solution), de revenir \u00e0 un m\u00e9tier plus manuel, plus en lien avec le vivant, la terre, \u2026 de mettre la main \u00e0 la p\u00e2te.<\/p><p><br \/>Alors naturellement je me suis tourn\u00e9e vers le pain, symbole de l\u2019humanit\u00e9 depuis plus de 4 000 ans.<\/p><p>Le \u00ab co-pain \u00bb c\u2019est celui avec qui on partage son pain. Il est la source de la relation humaine et sociale mais aussi nous questionne sur notre rapport \u00e0 la terre. Cette pauvre terre que nous malmenons. Tout un symbole !<\/p><p><br \/>Il est aussi la base de la gastronomie fran\u00e7aise. Du pain, du vin et du fromage \u2026 ! que des aliments ferment\u00e9s ! Mais bien s\u00fbr il faut que les ingr\u00e9dients soient de qualit\u00e9, vivants, vrais\u2026 on y reviendra.<\/p><p><br \/>Il est vivant, myst\u00e9rieux, simple et complexe \u00e0 la fois. On n\u2019a besoin que de trois ingr\u00e9dients pour faire du pain au levain naturel: de la farine, de l\u2019eau, du sel et \u2026 du temps !<\/p><p><br \/>J\u2019ai entam\u00e9 un petit tour de France pour aller \u00e0 la rencontre de paysans, boulangers et neo-boulangers, fait des stages jusqu\u2019en Bretagne et en Normandie afin de tester un peu les motivations, acqu\u00e9rir des comp\u00e9tences et construire les valeurs du projet.<\/p><p><br \/>Et je me suis lanc\u00e9e&#8230;.<\/p>\t\t\t\t\t\t\t\t<\/div>\n\t\t\t\t<\/div>\n\t\t\t\t\t<\/div>\n\t\t<\/div>\n\t\t\t\t\t<\/div>\n\t\t<\/section>\n\t\t\t\t<section class=\"elementor-section elementor-top-section elementor-element elementor-element-5f7e178 elementor-section-boxed elementor-section-height-default elementor-section-height-default\" data-id=\"5f7e178\" data-element_type=\"section\" data-e-type=\"section\">\n\t\t\t\t\t\t<div class=\"elementor-container elementor-column-gap-default\">\n\t\t\t\t\t<div class=\"elementor-column elementor-col-100 elementor-top-column elementor-element elementor-element-356a7e4\" data-id=\"356a7e4\" data-element_type=\"column\" data-e-type=\"column\">\n\t\t\t<div class=\"elementor-widget-wrap elementor-element-populated\">\n\t\t\t\t\t\t<div class=\"elementor-element elementor-element-773cdc0 elementor-widget elementor-widget-heading\" data-id=\"773cdc0\" data-element_type=\"widget\" data-e-type=\"widget\" data-widget_type=\"heading.default\">\n\t\t\t\t<div class=\"elementor-widget-container\">\n\t\t\t\t\t<h2 class=\"elementor-heading-title elementor-size-default\">Un peu de valeurs<\/h2>\t\t\t\t<\/div>\n\t\t\t\t<\/div>\n\t\t\t\t\t<\/div>\n\t\t<\/div>\n\t\t\t\t\t<\/div>\n\t\t<\/section>\n\t\t\t\t<section class=\"elementor-section elementor-top-section elementor-element elementor-element-e0cea7d elementor-section-boxed elementor-section-height-default elementor-section-height-default\" data-id=\"e0cea7d\" data-element_type=\"section\" data-e-type=\"section\">\n\t\t\t\t\t\t<div class=\"elementor-container elementor-column-gap-default\">\n\t\t\t\t\t<div class=\"elementor-column elementor-col-100 elementor-top-column elementor-element elementor-element-34bf974\" data-id=\"34bf974\" data-element_type=\"column\" data-e-type=\"column\">\n\t\t\t<div class=\"elementor-widget-wrap elementor-element-populated\">\n\t\t\t\t\t\t<div class=\"elementor-element elementor-element-454a1be elementor-widget elementor-widget-text-editor\" data-id=\"454a1be\" data-element_type=\"widget\" data-e-type=\"widget\" data-widget_type=\"text-editor.default\">\n\t\t\t\t<div class=\"elementor-widget-container\">\n\t\t\t\t\t\t\t\t\t<p>Alors pour r\u00e9soudre l\u2019\u00e9quation et faire partie d\u2019une solution, je propose un pain qui nous veut du bien: <strong><span style=\"font-size: 16px;\">Nous, c\u2019est l\u2019humain ET la nature.<\/span><\/strong><\/p><p><br \/>Pour la sant\u00e9 des Hommes et de la Nature, le pain que je proposerai sera<\/p><ul><li>panifi\u00e9 \u00e0 base de <strong>bl\u00e9s de pays<\/strong> qui enrichissent le sol et la biodiversit\u00e9.<\/li><li>ferment\u00e9 au<strong> levain naturel<\/strong> (de la farine, des min\u00e9raux, de l\u2019eau et c\u2019est tout) tr\u00e8s peu p\u00e9tri. La fermentation au levain naturel rend le gluten plus digeste, favorise une conservation longue avec un <strong>indice glyc\u00e9mique bas<\/strong>.<\/li><li>p\u00e9tri avec une <strong>eau filtr\u00e9e<\/strong> afin de r\u00e9duire la teneur en r\u00e9sidus de pesticides, m\u00e9dicaments, chlore, \u2026<\/li><li>avec le<strong> moins de sel<\/strong> possible. En utilisant des bl\u00e9s de pays, riches, <strong>vivants, gustatifs<\/strong>, on peut r\u00e9duire la quantit\u00e9 de sel \u00e0 0.9g pour 100g de pain contre 1.4g pour du pain blanc \u00e0 la levure.<\/li><\/ul><p>Pour participer \u00e0 <strong>l\u2019\u00e9conomie locale<\/strong>, avec un <strong>impact environnemental le plus bas possible<\/strong>, et au<strong> lien social<\/strong>, je souhaite privil\u00e9gier des <strong>circuits courts<\/strong> gr\u00e2ce \u00e0 un contact direct avec les paysans mais aussi avec mes clients en livraison directe.<\/p><p>\u00a0<\/p><p>Le mode de production sera <strong>sobre en \u00e9nergie<\/strong>. Je compte p\u00e9trir \u00e0 la main, sans chambre de pousse ni chambre froide. J\u2019ai d\u00e9j\u00e0 acquis le p\u00e9trin et, pour apprendre les bons gestes du p\u00e9trissage manuel, j\u2019ai fait un stage chez un paysan boulanger.<\/p><p>\u00a0<\/p><p>Et bien s\u00fbr, j\u2019ai command\u00e9 un four ! Un four \u00e0 chauffe indirecte au bois. Vos dons m\u2019aideront \u00e0 le financer. Ce sera un joli four rouge chauff\u00e9 au bois et construit en France dans l\u2019Aude.<\/p><p><br \/><strong>Le pain sera-t-il bio<\/strong> ? Bien s\u00fbr, la bio est un pr\u00e9requis mais ce n\u2019est plus suffisant. Les bl\u00e9s modernes qu\u2019ils soient bio ou non sont tous identiques, s\u00e9lectionn\u00e9s pour leur rendement, leur performance, leur homog\u00e9n\u00e9it\u00e9, leur qualit\u00e9 en panification (comprendre leur teneur en gluten). On est bien loin <strong>du vivant et de la biodiversit\u00e9<\/strong> ! Alors, le label bio ne me convainc pas suffisamment. Je souhaite aller plus loin en construisant un lien fort avec mes clients et mes fournisseurs.<\/p>\t\t\t\t\t\t\t\t<\/div>\n\t\t\t\t<\/div>\n\t\t\t\t\t<\/div>\n\t\t<\/div>\n\t\t\t\t\t<\/div>\n\t\t<\/section>\n\t\t\t\t<section class=\"elementor-section elementor-top-section elementor-element elementor-element-41aa78d elementor-section-boxed elementor-section-height-default elementor-section-height-default\" data-id=\"41aa78d\" data-element_type=\"section\" data-e-type=\"section\">\n\t\t\t\t\t\t<div class=\"elementor-container elementor-column-gap-default\">\n\t\t\t\t\t<div class=\"elementor-column elementor-col-100 elementor-top-column elementor-element elementor-element-4f45640\" data-id=\"4f45640\" data-element_type=\"column\" data-e-type=\"column\">\n\t\t\t<div class=\"elementor-widget-wrap elementor-element-populated\">\n\t\t\t\t\t\t<div class=\"elementor-element elementor-element-883143b elementor-widget elementor-widget-heading\" data-id=\"883143b\" data-element_type=\"widget\" data-e-type=\"widget\" data-widget_type=\"heading.default\">\n\t\t\t\t<div class=\"elementor-widget-container\">\n\t\t\t\t\t<h2 class=\"elementor-heading-title elementor-size-default\">Le projet<\/h2>\t\t\t\t<\/div>\n\t\t\t\t<\/div>\n\t\t\t\t\t<\/div>\n\t\t<\/div>\n\t\t\t\t\t<\/div>\n\t\t<\/section>\n\t\t\t\t<section class=\"elementor-section elementor-top-section elementor-element elementor-element-0e641cc elementor-section-boxed elementor-section-height-default elementor-section-height-default\" data-id=\"0e641cc\" data-element_type=\"section\" data-e-type=\"section\">\n\t\t\t\t\t\t<div class=\"elementor-container elementor-column-gap-default\">\n\t\t\t\t\t<div class=\"elementor-column elementor-col-100 elementor-top-column elementor-element elementor-element-709a97e\" data-id=\"709a97e\" data-element_type=\"column\" data-e-type=\"column\">\n\t\t\t<div class=\"elementor-widget-wrap elementor-element-populated\">\n\t\t\t\t\t\t<div class=\"elementor-element elementor-element-c8cd55b elementor-widget elementor-widget-text-editor\" data-id=\"c8cd55b\" data-element_type=\"widget\" data-e-type=\"widget\" data-widget_type=\"text-editor.default\">\n\t\t\t\t<div class=\"elementor-widget-container\">\n\t\t\t\t\t\t\t\t\t<p>Pas de boutique, mais une production dans mon garage transform\u00e9 en fournil. Les travaux sont d\u00e9j\u00e0 en cours ! J\u2019ai pr\u00e9vu deux cuissons par semaine, le<strong> mardi et le jeudi<\/strong>, ce qui va d\u00e9j\u00e0 m\u2019occuper 4 bons jours entre la pr\u00e9paration des levains la veille, la panification et les livraisons.<\/p><p><br \/>L\u2019avantage du pain au levain naturel est qu\u2019il <strong>se conserve tr\u00e8s bien<\/strong>, il est m\u00eame encore meilleur pour la sant\u00e9 d\u00e8s le lendemain et \u2026 se cong\u00e8le tr\u00e8s bien aussi \ud83d\ude0a<\/p><p>\u00a0<\/p><p>La vente se fera en fin d\u2019apr\u00e8s-midi ou le lendemain sur des points de livraison en entreprise via des Comit\u00e9s d\u2019entreprise ou des regroupements d\u2019employ\u00e9s et, autour du fournil, en v\u00e9lo \u00e9lectrique.<\/p><p>\u00a0<\/p><p>Dans la pratique, le \u00ab Champ du Pain \u00bb devrait \u00ab ouvrir ses portes \u00bb la deuxi\u00e8me quinzaine de Septembre 2023<\/p>\t\t\t\t\t\t\t\t<\/div>\n\t\t\t\t<\/div>\n\t\t\t\t\t<\/div>\n\t\t<\/div>\n\t\t\t\t\t<\/div>\n\t\t<\/section>\n\t\t\t\t<section class=\"elementor-section elementor-top-section elementor-element elementor-element-25d0103 elementor-section-boxed elementor-section-height-default elementor-section-height-default\" data-id=\"25d0103\" data-element_type=\"section\" data-e-type=\"section\">\n\t\t\t\t\t\t<div class=\"elementor-container elementor-column-gap-default\">\n\t\t\t\t\t<div class=\"elementor-column elementor-col-100 elementor-top-column elementor-element elementor-element-3637bdb\" data-id=\"3637bdb\" data-element_type=\"column\" data-e-type=\"column\">\n\t\t\t<div class=\"elementor-widget-wrap elementor-element-populated\">\n\t\t\t\t\t\t<div class=\"elementor-element elementor-element-445fb43 elementor-widget elementor-widget-heading\" data-id=\"445fb43\" data-element_type=\"widget\" data-e-type=\"widget\" data-widget_type=\"heading.default\">\n\t\t\t\t<div class=\"elementor-widget-container\">\n\t\t\t\t\t<h2 class=\"elementor-heading-title elementor-size-default\">La gamme des pains<\/h2>\t\t\t\t<\/div>\n\t\t\t\t<\/div>\n\t\t\t\t\t<\/div>\n\t\t<\/div>\n\t\t\t\t\t<\/div>\n\t\t<\/section>\n\t\t\t\t<section class=\"elementor-section elementor-top-section elementor-element elementor-element-b53b938 elementor-section-boxed elementor-section-height-default elementor-section-height-default\" data-id=\"b53b938\" data-element_type=\"section\" data-e-type=\"section\">\n\t\t\t\t\t\t<div class=\"elementor-container elementor-column-gap-default\">\n\t\t\t\t\t<div class=\"elementor-column elementor-col-100 elementor-top-column elementor-element elementor-element-473ca76\" data-id=\"473ca76\" data-element_type=\"column\" data-e-type=\"column\">\n\t\t\t<div class=\"elementor-widget-wrap elementor-element-populated\">\n\t\t\t\t\t\t<div class=\"elementor-element elementor-element-8c00956 elementor-widget elementor-widget-text-editor\" data-id=\"8c00956\" data-element_type=\"widget\" data-e-type=\"widget\" data-widget_type=\"text-editor.default\">\n\t\t\t\t<div class=\"elementor-widget-container\">\n\t\t\t\t\t\t\t\t\t<p>Je proposerai une gamme de pains de conservation longue gr\u00e2ce au levain (plusieurs jours), riches gustativement et nutrionnellement : pain de campagne, complet, aux bl\u00e9s anciens, \u00e0 faible teneur en gluten (petit \u00e9peautre, riz, ch\u00e2taigne, sarrazin).<\/p>\t\t\t\t\t\t\t\t<\/div>\n\t\t\t\t<\/div>\n\t\t\t\t\t<\/div>\n\t\t<\/div>\n\t\t\t\t\t<\/div>\n\t\t<\/section>\n\t\t\t\t<\/div>\n\t\t","protected":false},"excerpt":{"rendered":"<p>Objectif atteint !!! Un grand merci \u00e0 toutes et \u00e0 tous. Si vous voulez encore participer tout n&rsquo;est pas perdu la campagne reste ouverte jusqu&rsquo;au 30 juin et le 30 juin c&rsquo;est vendredi ! La boulang\u00e8re et son histoire On a besoin de quoi pour vivre ? bien manger, \u00eatre entour\u00e9 de sa famille, ses [&hellip;]<\/p>\n","protected":false},"author":1,"featured_media":1380,"comment_status":"open","ping_status":"open","sticky":false,"template":"","format":"standard","meta":{"site-sidebar-layout":"default","site-content-layout":"","ast-site-content-layout":"default","site-content-style":"default","site-sidebar-style":"default","ast-global-header-display":"","ast-banner-title-visibility":"","ast-main-header-display":"","ast-hfb-above-header-display":"","ast-hfb-below-header-display":"","ast-hfb-mobile-header-display":"","site-post-title":"","ast-breadcrumbs-content":"","ast-featured-img":"","footer-sml-layout":"","ast-disable-related-posts":"","theme-transparent-header-meta":"","adv-header-id-meta":"","stick-header-meta":"","header-above-stick-meta":"","header-main-stick-meta":"","header-below-stick-meta":"","astra-migrate-meta-layouts":"default","ast-page-background-enabled":"default","ast-page-background-meta":{"desktop":{"background-color":"var(--ast-global-color-4)","background-image":"","background-repeat":"repeat","background-position":"center center","background-size":"auto","background-attachment":"scroll","background-type":"","background-media":"","overlay-type":"","overlay-color":"","overlay-opacity":"","overlay-gradient":""},"tablet":{"background-color":"","background-image":"","background-repeat":"repeat","background-position":"center center","background-size":"auto","background-attachment":"scroll","background-type":"","background-media":"","overlay-type":"","overlay-color":"","overlay-opacity":"","overlay-gradient":""},"mobile":{"background-color":"","background-image":"","background-repeat":"repeat","background-position":"center center","background-size":"auto","background-attachment":"scroll","background-type":"","background-media":"","overlay-type":"","overlay-color":"","overlay-opacity":"","overlay-gradient":""}},"ast-content-background-meta":{"desktop":{"background-color":"var(--ast-global-color-5)","background-image":"","background-repeat":"repeat","background-position":"center center","background-size":"auto","background-attachment":"scroll","background-type":"","background-media":"","overlay-type":"","overlay-color":"","overlay-opacity":"","overlay-gradient":""},"tablet":{"background-color":"var(--ast-global-color-5)","background-image":"","background-repeat":"repeat","background-position":"center center","background-size":"auto","background-attachment":"scroll","background-type":"","background-media":"","overlay-type":"","overlay-color":"","overlay-opacity":"","overlay-gradient":""},"mobile":{"background-color":"var(--ast-global-color-5)","background-image":"","background-repeat":"repeat","background-position":"center center","background-size":"auto","background-attachment":"scroll","background-type":"","background-media":"","overlay-type":"","overlay-color":"","overlay-opacity":"","overlay-gradient":""}},"_jetpack_memberships_contains_paid_content":false,"footnotes":""},"categories":[1],"tags":[],"class_list":["post-2051","post","type-post","status-publish","format-standard","has-post-thumbnail","hentry","category-non-classe"],"jetpack_featured_media_url":"https:\/\/le-champ-du-pain.fr\/wp-content\/uploads\/2023\/06\/sante-de-lhomme-humain-femme-nutrition.jpg","jetpack_sharing_enabled":true,"_links":{"self":[{"href":"https:\/\/le-champ-du-pain.fr\/index.php\/wp-json\/wp\/v2\/posts\/2051","targetHints":{"allow":["GET"]}}],"collection":[{"href":"https:\/\/le-champ-du-pain.fr\/index.php\/wp-json\/wp\/v2\/posts"}],"about":[{"href":"https:\/\/le-champ-du-pain.fr\/index.php\/wp-json\/wp\/v2\/types\/post"}],"author":[{"embeddable":true,"href":"https:\/\/le-champ-du-pain.fr\/index.php\/wp-json\/wp\/v2\/users\/1"}],"replies":[{"embeddable":true,"href":"https:\/\/le-champ-du-pain.fr\/index.php\/wp-json\/wp\/v2\/comments?post=2051"}],"version-history":[{"count":24,"href":"https:\/\/le-champ-du-pain.fr\/index.php\/wp-json\/wp\/v2\/posts\/2051\/revisions"}],"predecessor-version":[{"id":2087,"href":"https:\/\/le-champ-du-pain.fr\/index.php\/wp-json\/wp\/v2\/posts\/2051\/revisions\/2087"}],"wp:featuredmedia":[{"embeddable":true,"href":"https:\/\/le-champ-du-pain.fr\/index.php\/wp-json\/wp\/v2\/media\/1380"}],"wp:attachment":[{"href":"https:\/\/le-champ-du-pain.fr\/index.php\/wp-json\/wp\/v2\/media?parent=2051"}],"wp:term":[{"taxonomy":"category","embeddable":true,"href":"https:\/\/le-champ-du-pain.fr\/index.php\/wp-json\/wp\/v2\/categories?post=2051"},{"taxonomy":"post_tag","embeddable":true,"href":"https:\/\/le-champ-du-pain.fr\/index.php\/wp-json\/wp\/v2\/tags?post=2051"}],"curies":[{"name":"wp","href":"https:\/\/api.w.org\/{rel}","templated":true}]}}